[{"@context":"https:\/\/schema.org\/","@type":"Article","@id":"https:\/\/www.elementa.cz\/pronajem-chata\/#Article","mainEntityOfPage":"https:\/\/www.elementa.cz\/pronajem-chata\/","headline":"Pron\u00e1jem chata","name":"Pron\u00e1jem chata","description":"Pron\u00e1jem chata je tu pro ka\u017ed\u00e9ho kdo hled\u00e1 ubytov\u00e1n\u00ed v soukrom\u00ed se sv\u00fdmi bl\u00edzk\u00fdmi, \u010di rodinou, nebo zn\u00e1m\u00fdmi. Nab\u00edz\u00edme chaty a chalupy po cel\u00e9 na\u0161\u00ed","datePublished":"2025-01-07","dateModified":"2025-01-07","author":{"@type":"Person","@id":"https:\/\/www.elementa.cz\/author\/devene\/#Person","name":"devene","url":"https:\/\/www.elementa.cz\/author\/devene\/","identifier":1,"image":{"@type":"ImageObject","@id":"https:\/\/secure.gravatar.com\/avatar\/87132efef9f5972c3e770e1fb0907fb3dcc1311f82da5f30bffbae0bd81cf8c0?s=96&d=mm&r=g","url":"https:\/\/secure.gravatar.com\/avatar\/87132efef9f5972c3e770e1fb0907fb3dcc1311f82da5f30bffbae0bd81cf8c0?s=96&d=mm&r=g","height":96,"width":96}},"publisher":{"@type":"Organization","name":"elementa.cz","logo":{"@type":"ImageObject","@id":"\/logo.png","url":"\/logo.png","width":600,"height":60}},"url":"https:\/\/www.elementa.cz\/pronajem-chata\/","wordCount":180,"articleBody":" Pron\u00e1jem chata je tu pro ka\u017ed\u00e9ho kdo hled\u00e1 ubytov\u00e1n\u00ed v soukrom\u00ed se sv\u00fdmi bl\u00edzk\u00fdmi, \u010di rodinou, nebo zn\u00e1m\u00fdmi. Nab\u00edz\u00edme chaty a chalupy po cel\u00e9 na\u0161\u00ed republice, v t\u011bch nejhez\u010d\u00edch koutech, kter\u00e9 stoj\u00ed za to, abychom je nav\u0161t\u00edvili. Pron\u00e1jem chata znamen\u00e1 velk\u00e9 mno\u017estv\u00ed chat, ze kter\u00fdch si ka\u017ed\u00fd vybere pro n\u011bj tu nejlep\u0161\u00ed a nejvhodn\u011bj\u0161\u00ed. A\u0165 je v\u00e1\u0161 \u00fa\u010del pobytu jak\u00fdkoliv, my m\u00e1me chaty pro ka\u017ed\u00e9ho. Sruby, d\u0159ev\u011bnice, roubenky, vily, chaty s baz\u00e9nem, h\u00e1jovny, statky&#8230;.atd. S v\u00fdb\u011brem v\u00e1m pom\u016f\u017eeme Ke ka\u017ed\u00e9mu m\u00e1me individu\u00e1ln\u00ed p\u0159\u00edstup. R\u00e1di v\u00e1m porad\u00edme se v\u0161\u00edm, co pot\u0159ebujete v\u011bd\u011bt a to hlavn\u011b z toho d\u016fvodu, \u017ee jsme v\u011bt\u0161inu chat na vlastn\u00ed o\u010di vid\u011bli a prov\u011b\u0159ili a tak m\u00e1me pro na\u0161e klienty vy\u010derp\u00e1vaj\u00edc\u00ed informace.Pron\u00e1jem chata je tu pro v\u00e1s.                                                                                                                                                                                                                                                                                                                                                                                                "},{"@context":"https:\/\/schema.org\/","@type":"BreadcrumbList","itemListElement":[{"@type":"ListItem","position":1,"name":"Pron\u00e1jem chata","item":"https:\/\/www.elementa.cz\/pronajem-chata\/#breadcrumbitem"}]}]