[{"@context":"https:\/\/schema.org\/","@type":"Article","@id":"https:\/\/www.elementa.cz\/vesela-oslava-i-pro-nejmensi\/#Article","mainEntityOfPage":"https:\/\/www.elementa.cz\/vesela-oslava-i-pro-nejmensi\/","headline":"Vesel\u00e1 oslava i pro nejmen\u0161\u00ed","name":"Vesel\u00e1 oslava i pro nejmen\u0161\u00ed","description":"Od rodinn\u00e9 se\u0161losti k jak\u00e9koliv p\u0159\u00edle\u017eitosti d\u011bti o\u010dek\u00e1vaj\u00ed n\u011bco trochu jin\u00e9ho ne\u017e dosp\u011bl\u00ed. Cht\u011bj\u00ed se p\u0159edev\u0161\u00edm dob\u0159e pobavit, vy\u0159\u00e1dit se a zaskota\u010dit si v \u0161irok\u00e9","datePublished":"2023-12-06","dateModified":"2023-12-06","author":{"@type":"Person","@id":"https:\/\/www.elementa.cz\/author\/devene\/#Person","name":"devene","url":"https:\/\/www.elementa.cz\/author\/devene\/","identifier":1,"image":{"@type":"ImageObject","@id":"https:\/\/secure.gravatar.com\/avatar\/87132efef9f5972c3e770e1fb0907fb3dcc1311f82da5f30bffbae0bd81cf8c0?s=96&d=mm&r=g","url":"https:\/\/secure.gravatar.com\/avatar\/87132efef9f5972c3e770e1fb0907fb3dcc1311f82da5f30bffbae0bd81cf8c0?s=96&d=mm&r=g","height":96,"width":96}},"publisher":{"@type":"Organization","name":"elementa.cz","logo":{"@type":"ImageObject","@id":"\/logo.png","url":"\/logo.png","width":600,"height":60}},"url":"https:\/\/www.elementa.cz\/vesela-oslava-i-pro-nejmensi\/","wordCount":237,"articleBody":"Od rodinn\u00e9 se\u0161losti k jak\u00e9koliv p\u0159\u00edle\u017eitosti d\u011bti o\u010dek\u00e1vaj\u00ed n\u011bco trochu jin\u00e9ho ne\u017e dosp\u011bl\u00ed. Cht\u011bj\u00ed se p\u0159edev\u0161\u00edm dob\u0159e pobavit, vy\u0159\u00e1dit se a zaskota\u010dit si v \u0161irok\u00e9 spole\u010dnosti, uk\u00e1zat, co nov\u00e9ho se od posledn\u00edho setk\u00e1n\u00ed nau\u010dily, a po\u0159\u00e1dn\u011b se p\u0159ed ostatn\u00edmi p\u0159edv\u00e9st. Alespo\u0148 d\u011btsk\u00e9 oslavy narozenin bychom jim m\u011bli p\u0159izp\u016fsobit, jde p\u0159eci p\u0159edev\u0161\u00edm o n\u011b, jejich z\u00e1jmy a z\u00e1\u017eitky, na kter\u00e9 budou po cel\u00fd rok vzpom\u00ednat. A\u0165 jsou tedy pln\u00e9 akce, vesel\u00ed a zvoniv\u00e9ho nad\u0161en\u00e9ho sm\u00edchu!\tM\u00edsto okoukan\u00e9ho str\u00fd\u010dka prav\u00fd kouzeln\u00edkNejen mal\u00e9ho jubilanta, ale i jeho velk\u00e9 a mal\u00e9 hosty zaru\u010den\u011b pobav\u00ed, zaujme a okouzl\u00ed vystoupen\u00ed profesion\u00e1ln\u00edho kouzeln\u00edka. Ten u\u010daruje mal\u00fdm i velk\u00fdm p\u0159edev\u0161\u00edm proto, \u017ee se budou moci aktivn\u011b \u00fa\u010dastnit v\u0161eho d\u011bn\u00ed na pomysln\u00e9m jevi\u0161ti. Cel\u00fd program je komponov\u00e1n v\u017edy s ohledem na po\u010detnost a v\u011bkov\u00e9 slo\u017een\u00ed skupiny, aby se opravdu nikdo nenudil. Navazovat m\u016f\u017ee obl\u00edben\u00e9 modelov\u00e1n\u00ed zv\u00ed\u0159\u00e1tek z bal\u00f3nk\u016f a tak\u00e9 mal\u00e1 \u0161kola magie, ve kter\u00e9 si ka\u017ed\u00fd m\u016f\u017ee osvojit n\u011bjak\u00fd ten poveden\u00fd trik, kter\u00fdm pozd\u011bji ohrom\u00ed sv\u00e9 kamar\u00e1dy.                                                                                                                                                                                                                                                                                                                                                                                        4\/5 - (14 votes)        "},{"@context":"https:\/\/schema.org\/","@type":"BreadcrumbList","itemListElement":[{"@type":"ListItem","position":1,"name":"Vesel\u00e1 oslava i pro nejmen\u0161\u00ed","item":"https:\/\/www.elementa.cz\/vesela-oslava-i-pro-nejmensi\/#breadcrumbitem"}]}]