{"@context":"https:\/\/schema.org\/","@type":"CollectionPage","@id":"https:\/\/www.elementa.cz\/vyrobky\/#CollectionPage","headline":"V\u00fdrobky Category","description":"","url":"https:\/\/www.elementa.cz\/vyrobky\/","hasPart":[{"@type":"Article","@id":"https:\/\/www.elementa.cz\/jak-se-chranit-pred-slunecnim-zarenim-prostrednictvim-kolagenu\/","headline":"Jak se chr\u00e1nit p\u0159ed slune\u010dn\u00edm z\u00e1\u0159en\u00edm prost\u0159ednictv\u00edm kolagenu?","url":"https:\/\/www.elementa.cz\/jak-se-chranit-pred-slunecnim-zarenim-prostrednictvim-kolagenu\/","datePublished":"2025-12-16","dateModified":"2025-12-16","mainEntityOfPage":"https:\/\/www.elementa.cz\/jak-se-chranit-pred-slunecnim-zarenim-prostrednictvim-kolagenu\/","author":{"@type":"Person","@id":"https:\/\/www.elementa.cz\/author\/devene\/#Person","name":"devene","url":"https:\/\/www.elementa.cz\/author\/devene\/","identifier":1,"image":{"@type":"ImageObject","@id":"https:\/\/secure.gravatar.com\/avatar\/87132efef9f5972c3e770e1fb0907fb3dcc1311f82da5f30bffbae0bd81cf8c0?s=96&d=mm&r=g","url":"https:\/\/secure.gravatar.com\/avatar\/87132efef9f5972c3e770e1fb0907fb3dcc1311f82da5f30bffbae0bd81cf8c0?s=96&d=mm&r=g","height":96,"width":96}},"publisher":{"@type":"Organization","name":"elementa.cz","logo":{"@type":"ImageObject","@id":"\/logo.png","url":"\/logo.png","width":600,"height":60}},"image":{"@type":"ImageObject","@id":"https:\/\/www.elementa.cz\/wp-content\/uploads\/chuttersnap-TSgwbumanuE-unsplash.jpg","url":"https:\/\/www.elementa.cz\/wp-content\/uploads\/chuttersnap-TSgwbumanuE-unsplash.jpg","height":0,"width":0},"keywords":null},{"@type":"Article","@id":"https:\/\/www.elementa.cz\/vyhodna-pujcka-na-auto\/","headline":"V\u00fdhodn\u00e1 p\u016fj\u010dka na auto","url":"https:\/\/www.elementa.cz\/vyhodna-pujcka-na-auto\/","datePublished":"2025-08-24","dateModified":"2025-08-24","mainEntityOfPage":"https:\/\/www.elementa.cz\/vyhodna-pujcka-na-auto\/","author":{"@type":"Person","@id":"https:\/\/www.elementa.cz\/author\/devene\/#Person","name":"devene","url":"https:\/\/www.elementa.cz\/author\/devene\/","identifier":1,"image":{"@type":"ImageObject","@id":"https:\/\/secure.gravatar.com\/avatar\/87132efef9f5972c3e770e1fb0907fb3dcc1311f82da5f30bffbae0bd81cf8c0?s=96&d=mm&r=g","url":"https:\/\/secure.gravatar.com\/avatar\/87132efef9f5972c3e770e1fb0907fb3dcc1311f82da5f30bffbae0bd81cf8c0?s=96&d=mm&r=g","height":96,"width":96}},"publisher":{"@type":"Organization","name":"elementa.cz","logo":{"@type":"ImageObject","@id":"\/logo.png","url":"\/logo.png","width":600,"height":60}},"image":{"@type":"ImageObject","@id":"https:\/\/www.elementa.cz\/wp-content\/uploads\/audi-5911646_640.jpg","url":"https:\/\/www.elementa.cz\/wp-content\/uploads\/audi-5911646_640.jpg","height":0,"width":0},"keywords":null},{"@type":"Article","@id":"https:\/\/www.elementa.cz\/jak-vybrat-vhodnou-matraci-pro-vas-a-vaseho-pritele\/","headline":"Jak vybrat vhodnou matraci pro v\u00e1s a va\u0161eho p\u0159\u00edtele","url":"https:\/\/www.elementa.cz\/jak-vybrat-vhodnou-matraci-pro-vas-a-vaseho-pritele\/","datePublished":"2025-07-04","dateModified":"2025-07-04","mainEntityOfPage":"https:\/\/www.elementa.cz\/jak-vybrat-vhodnou-matraci-pro-vas-a-vaseho-pritele\/","author":{"@type":"Person","@id":"https:\/\/www.elementa.cz\/author\/devene\/#Person","name":"devene","url":"https:\/\/www.elementa.cz\/author\/devene\/","identifier":1,"image":{"@type":"ImageObject","@id":"https:\/\/secure.gravatar.com\/avatar\/87132efef9f5972c3e770e1fb0907fb3dcc1311f82da5f30bffbae0bd81cf8c0?s=96&d=mm&r=g","url":"https:\/\/secure.gravatar.com\/avatar\/87132efef9f5972c3e770e1fb0907fb3dcc1311f82da5f30bffbae0bd81cf8c0?s=96&d=mm&r=g","height":96,"width":96}},"publisher":{"@type":"Organization","name":"elementa.cz","logo":{"@type":"ImageObject","@id":"\/logo.png","url":"\/logo.png","width":600,"height":60}},"image":{"@type":"ImageObject","@id":"https:\/\/www.elementa.cz\/wp-content\/uploads\/bed-1979270_640_7.jpg","url":"https:\/\/www.elementa.cz\/wp-content\/uploads\/bed-1979270_640_7.jpg","height":0,"width":0},"keywords":null},{"@type":"Article","@id":"https:\/\/www.elementa.cz\/kde-je-leto-prijemne\/","headline":"Kde je l\u00e9to p\u0159\u00edjemn\u00e9?","url":"https:\/\/www.elementa.cz\/kde-je-leto-prijemne\/","datePublished":"2025-07-03","dateModified":"2025-07-03","mainEntityOfPage":"https:\/\/www.elementa.cz\/kde-je-leto-prijemne\/","author":{"@type":"Person","@id":"https:\/\/www.elementa.cz\/author\/devene\/#Person","name":"devene","url":"https:\/\/www.elementa.cz\/author\/devene\/","identifier":1,"image":{"@type":"ImageObject","@id":"https:\/\/secure.gravatar.com\/avatar\/87132efef9f5972c3e770e1fb0907fb3dcc1311f82da5f30bffbae0bd81cf8c0?s=96&d=mm&r=g","url":"https:\/\/secure.gravatar.com\/avatar\/87132efef9f5972c3e770e1fb0907fb3dcc1311f82da5f30bffbae0bd81cf8c0?s=96&d=mm&r=g","height":96,"width":96}},"publisher":{"@type":"Organization","name":"elementa.cz","logo":{"@type":"ImageObject","@id":"\/logo.png","url":"\/logo.png","width":600,"height":60}},"image":{"@type":"ImageObject","@id":"https:\/\/www.elementa.cz\/wp-content\/uploads\/bbbbbb_10_10_7.jpg","url":"https:\/\/www.elementa.cz\/wp-content\/uploads\/bbbbbb_10_10_7.jpg","height":0,"width":0},"keywords":null},{"@type":"Article","@id":"https:\/\/www.elementa.cz\/vytecne-energeticke-drinky\/","headline":"V\u00fdte\u010dn\u00e9 energetick\u00e9 drinky","url":"https:\/\/www.elementa.cz\/vytecne-energeticke-drinky\/","datePublished":"2025-06-16","dateModified":"2025-06-16","mainEntityOfPage":"https:\/\/www.elementa.cz\/vytecne-energeticke-drinky\/","author":{"@type":"Person","@id":"https:\/\/www.elementa.cz\/author\/devene\/#Person","name":"devene","url":"https:\/\/www.elementa.cz\/author\/devene\/","identifier":1,"image":{"@type":"ImageObject","@id":"https:\/\/secure.gravatar.com\/avatar\/87132efef9f5972c3e770e1fb0907fb3dcc1311f82da5f30bffbae0bd81cf8c0?s=96&d=mm&r=g","url":"https:\/\/secure.gravatar.com\/avatar\/87132efef9f5972c3e770e1fb0907fb3dcc1311f82da5f30bffbae0bd81cf8c0?s=96&d=mm&r=g","height":96,"width":96}},"publisher":{"@type":"Organization","name":"elementa.cz","logo":{"@type":"ImageObject","@id":"\/logo.png","url":"\/logo.png","width":600,"height":60}},"image":{"@type":"ImageObject","@id":"https:\/\/www.elementa.cz\/wp-content\/uploads\/l%C3%A1hev_4.jpg","url":"https:\/\/www.elementa.cz\/wp-content\/uploads\/l%C3%A1hev_4.jpg","height":0,"width":0},"keywords":null},{"@type":"Article","@id":"https:\/\/www.elementa.cz\/co-je-zajimaveho-na-knizkovych-pouzdrech-na-iphone\/","headline":"Co je zaj\u00edmav\u00e9ho na kn\u00ed\u017ekov\u00fdch pouzdrech na iPhone","url":"https:\/\/www.elementa.cz\/co-je-zajimaveho-na-knizkovych-pouzdrech-na-iphone\/","datePublished":"2025-06-02","dateModified":"2025-06-02","mainEntityOfPage":"https:\/\/www.elementa.cz\/co-je-zajimaveho-na-knizkovych-pouzdrech-na-iphone\/","author":{"@type":"Person","@id":"https:\/\/www.elementa.cz\/author\/devene\/#Person","name":"devene","url":"https:\/\/www.elementa.cz\/author\/devene\/","identifier":1,"image":{"@type":"ImageObject","@id":"https:\/\/secure.gravatar.com\/avatar\/87132efef9f5972c3e770e1fb0907fb3dcc1311f82da5f30bffbae0bd81cf8c0?s=96&d=mm&r=g","url":"https:\/\/secure.gravatar.com\/avatar\/87132efef9f5972c3e770e1fb0907fb3dcc1311f82da5f30bffbae0bd81cf8c0?s=96&d=mm&r=g","height":96,"width":96}},"publisher":{"@type":"Organization","name":"elementa.cz","logo":{"@type":"ImageObject","@id":"\/logo.png","url":"\/logo.png","width":600,"height":60}},"image":{"@type":"ImageObject","@id":"https:\/\/www.elementa.cz\/wp-content\/uploads\/desk-3076954_640_10_10_3.jpg","url":"https:\/\/www.elementa.cz\/wp-content\/uploads\/desk-3076954_640_10_10_3.jpg","height":0,"width":0},"keywords":null},{"@type":"Article","@id":"https:\/\/www.elementa.cz\/barva-plastovych-oken\/","headline":"Barva plastov\u00fdch oken","url":"https:\/\/www.elementa.cz\/barva-plastovych-oken\/","datePublished":"2025-04-07","dateModified":"2025-04-07","mainEntityOfPage":"https:\/\/www.elementa.cz\/barva-plastovych-oken\/","author":{"@type":"Person","@id":"https:\/\/www.elementa.cz\/author\/devene\/#Person","name":"devene","url":"https:\/\/www.elementa.cz\/author\/devene\/","identifier":1,"image":{"@type":"ImageObject","@id":"https:\/\/secure.gravatar.com\/avatar\/87132efef9f5972c3e770e1fb0907fb3dcc1311f82da5f30bffbae0bd81cf8c0?s=96&d=mm&r=g","url":"https:\/\/secure.gravatar.com\/avatar\/87132efef9f5972c3e770e1fb0907fb3dcc1311f82da5f30bffbae0bd81cf8c0?s=96&d=mm&r=g","height":96,"width":96}},"publisher":{"@type":"Organization","name":"elementa.cz","logo":{"@type":"ImageObject","@id":"\/logo.png","url":"\/logo.png","width":600,"height":60}},"image":{"@type":"ImageObject","@id":"https:\/\/www.elementa.cz\/wp-content\/uploads\/chairs-2181916_640_10_1.jpg","url":"https:\/\/www.elementa.cz\/wp-content\/uploads\/chairs-2181916_640_10_1.jpg","height":0,"width":0},"keywords":null},{"@type":"Article","@id":"https:\/\/www.elementa.cz\/poridte-si-svatebni-saty-vasich-snu\/","headline":"Po\u0159i\u010fte si svatebn\u00ed \u0161aty va\u0161ich sn\u016f","url":"https:\/\/www.elementa.cz\/poridte-si-svatebni-saty-vasich-snu\/","datePublished":"2025-03-29","dateModified":"2025-03-29","mainEntityOfPage":"https:\/\/www.elementa.cz\/poridte-si-svatebni-saty-vasich-snu\/","author":{"@type":"Person","@id":"https:\/\/www.elementa.cz\/author\/devene\/#Person","name":"devene","url":"https:\/\/www.elementa.cz\/author\/devene\/","identifier":1,"image":{"@type":"ImageObject","@id":"https:\/\/secure.gravatar.com\/avatar\/87132efef9f5972c3e770e1fb0907fb3dcc1311f82da5f30bffbae0bd81cf8c0?s=96&d=mm&r=g","url":"https:\/\/secure.gravatar.com\/avatar\/87132efef9f5972c3e770e1fb0907fb3dcc1311f82da5f30bffbae0bd81cf8c0?s=96&d=mm&r=g","height":96,"width":96}},"publisher":{"@type":"Organization","name":"elementa.cz","logo":{"@type":"ImageObject","@id":"\/logo.png","url":"\/logo.png","width":600,"height":60}},"image":{"@type":"ImageObject","@id":"https:\/\/www.elementa.cz\/wp-content\/uploads\/tai-s-captures-G_Pd_ZUF3ws-unsplash.jpg","url":"https:\/\/www.elementa.cz\/wp-content\/uploads\/tai-s-captures-G_Pd_ZUF3ws-unsplash.jpg","height":0,"width":0},"keywords":null},{"@type":"Article","@id":"https:\/\/www.elementa.cz\/jak-na-vodni-dymku\/","headline":"Jak na vodn\u00ed d\u00fdmku","url":"https:\/\/www.elementa.cz\/jak-na-vodni-dymku\/","datePublished":"2024-08-09","dateModified":"2024-08-09","mainEntityOfPage":"https:\/\/www.elementa.cz\/jak-na-vodni-dymku\/","author":{"@type":"Person","@id":"https:\/\/www.elementa.cz\/author\/devene\/#Person","name":"devene","url":"https:\/\/www.elementa.cz\/author\/devene\/","identifier":1,"image":{"@type":"ImageObject","@id":"https:\/\/secure.gravatar.com\/avatar\/87132efef9f5972c3e770e1fb0907fb3dcc1311f82da5f30bffbae0bd81cf8c0?s=96&d=mm&r=g","url":"https:\/\/secure.gravatar.com\/avatar\/87132efef9f5972c3e770e1fb0907fb3dcc1311f82da5f30bffbae0bd81cf8c0?s=96&d=mm&r=g","height":96,"width":96}},"publisher":{"@type":"Organization","name":"elementa.cz","logo":{"@type":"ImageObject","@id":"\/logo.png","url":"\/logo.png","width":600,"height":60}},"image":{"@type":"ImageObject","@id":"https:\/\/www.elementa.cz\/wp-content\/uploads\/girl-and-hookah-1390804_960_720.jpg","url":"https:\/\/www.elementa.cz\/wp-content\/uploads\/girl-and-hookah-1390804_960_720.jpg","height":0,"width":0},"keywords":null},{"@type":"Article","@id":"https:\/\/www.elementa.cz\/topeni-v-podlaze-je-soucasny-fenomen\/","headline":"Topen\u00ed v podlaze je sou\u010dasn\u00fd fenom\u00e9n","url":"https:\/\/www.elementa.cz\/topeni-v-podlaze-je-soucasny-fenomen\/","datePublished":"2024-05-05","dateModified":"2024-06-18","mainEntityOfPage":"https:\/\/www.elementa.cz\/topeni-v-podlaze-je-soucasny-fenomen\/","author":{"@type":"Person","@id":"https:\/\/www.elementa.cz\/author\/devene\/#Person","name":"devene","url":"https:\/\/www.elementa.cz\/author\/devene\/","identifier":1,"image":{"@type":"ImageObject","@id":"https:\/\/secure.gravatar.com\/avatar\/87132efef9f5972c3e770e1fb0907fb3dcc1311f82da5f30bffbae0bd81cf8c0?s=96&d=mm&r=g","url":"https:\/\/secure.gravatar.com\/avatar\/87132efef9f5972c3e770e1fb0907fb3dcc1311f82da5f30bffbae0bd81cf8c0?s=96&d=mm&r=g","height":96,"width":96}},"publisher":{"@type":"Organization","name":"elementa.cz","logo":{"@type":"ImageObject","@id":"\/logo.png","url":"\/logo.png","width":600,"height":60}},"image":{"@type":"ImageObject","@id":"https:\/\/www.elementa.cz\/wp-content\/uploads\/pexels-mikhail-nilov-9159659.jpg","url":"https:\/\/www.elementa.cz\/wp-content\/uploads\/pexels-mikhail-nilov-9159659.jpg","height":0,"width":0},"keywords":null}]}