[{"@context":"https:\/\/schema.org\/","@type":"Article","@id":"https:\/\/www.elementa.cz\/zvire-je-v-prvni-rade-pritelem\/#Article","mainEntityOfPage":"https:\/\/www.elementa.cz\/zvire-je-v-prvni-rade-pritelem\/","headline":"Zv\u00ed\u0159e je v prvn\u00ed \u0159ad\u011b p\u0159\u00edtelem","name":"Zv\u00ed\u0159e je v prvn\u00ed \u0159ad\u011b p\u0159\u00edtelem","description":"Samoz\u0159ejm\u011b, \u017ee ka\u017ed\u00fd z n\u00e1s m\u00e1 k ostatn\u00edm \u017eiv\u00edm tvor\u016fm \u017eij\u00edc\u00edm na t\u00e9to planet\u011b, kte\u0159\u00ed nejsou lidmi, pon\u011bkud rozd\u00edln\u00fd vztah, av\u0161ak na druhou stranu by","datePublished":"2020-07-12","dateModified":"2023-05-15","author":{"@type":"Person","@id":"https:\/\/www.elementa.cz\/author\/devene\/#Person","name":"devene","url":"https:\/\/www.elementa.cz\/author\/devene\/","identifier":1,"image":{"@type":"ImageObject","@id":"https:\/\/secure.gravatar.com\/avatar\/87132efef9f5972c3e770e1fb0907fb3dcc1311f82da5f30bffbae0bd81cf8c0?s=96&d=mm&r=g","url":"https:\/\/secure.gravatar.com\/avatar\/87132efef9f5972c3e770e1fb0907fb3dcc1311f82da5f30bffbae0bd81cf8c0?s=96&d=mm&r=g","height":96,"width":96}},"publisher":{"@type":"Organization","name":"elementa.cz","logo":{"@type":"ImageObject","@id":"\/logo.png","url":"\/logo.png","width":600,"height":60}},"image":{"@type":"ImageObject","@id":"https:\/\/www.elementa.cz\/wp-content\/uploads\/akita%20inu.jpeg","url":"https:\/\/www.elementa.cz\/wp-content\/uploads\/akita%20inu.jpeg","height":0,"width":0},"url":"https:\/\/www.elementa.cz\/zvire-je-v-prvni-rade-pritelem\/","about":["Spole\u010dnosti"],"wordCount":442,"articleBody":"      Samoz\u0159ejm\u011b, \u017ee ka\u017ed\u00fd z n\u00e1s m\u00e1 k ostatn\u00edm \u017eiv\u00edm tvor\u016fm \u017eij\u00edc\u00edm na t\u00e9to planet\u011b, kte\u0159\u00ed nejsou lidmi, pon\u011bkud rozd\u00edln\u00fd vztah, av\u0161ak na druhou stranu by bylo v\u00edce ne\u017e vhodn\u00e9, abychom si v\u0161ichni uv\u011bdomili, \u017ee pr\u00e1v\u011b t\u011bmto tvor\u016fm m\u016f\u017eeme pomoci jen my, lid\u00e9. N\u011bco takov\u00e9ho je dle m\u00e9ho n\u00e1zoru zp\u016fsobenou zejm\u00e9na t\u00edm, \u017ee pr\u00e1v\u011b oni nejsou schopni se o sebe postarat po v\u0161ech str\u00e1nk\u00e1ch \u017eivota, co\u017e v\u00ed sama p\u0159\u00edroda, a z toho d\u016fvodu jim tedy p\u0159ihr\u00e1v\u00e1 do \u017eivot\u016f pr\u00e1v\u011b n\u00e1s. M\u011bli bychom se tak tedy alespo\u0148 zamyslet nad t\u00edm, zda je mo\u017en\u00e9, abychom alespo\u0148 jednomu zv\u00ed\u0159eti pomohli.Pokud je n\u011bco takov\u00e9ho v na\u0161ich sil\u00e1ch, tak je jist\u011b pro za\u010d\u00e1tek vhodn\u00e9 nav\u0161t\u00edvit Akita Inu chovn\u00e1 stanice, jeliko\u017e pr\u00e1v\u011b na tomto m\u00edst\u011b si m\u016f\u017eete uv\u011bdomit to, co jste si vlastn\u011b u\u017e d\u00e1vno mysleli, ale z n\u011bjak\u00e9ho d\u016fvodu si to necht\u011bli p\u0159iznat. Pr\u00e1v\u011b zde v\u00e1m toti\u017e m\u016f\u017ee doj\u00edt, \u017ee v\u00e1\u0161 \u017eivot postr\u00e1d\u00e1 smysl, a je tak tedy mo\u017en\u00e9, \u017ee ve chv\u00edli, kdy budete v\u011bnovat p\u00e9\u010di n\u011bkomu jin\u00e9mu, ne\u017e dal\u0161\u00edmu \u010dlov\u011bku, najdete sv\u00e9 \u017eivotn\u00ed posl\u00e1n\u00ed. V\u011b\u0159te, \u017ee tento zp\u016fsob \u017eivotn\u00ed cesty je jedn\u00edm z t\u011bch nejlep\u0161\u00edch, a to zejm\u00e9na z toho d\u016fvodu, \u017ee se nau\u010d\u00edte, \u017ee zejm\u00e9na v r\u00e1mci sou\u010dasn\u00e9, modern\u00ed doby je opravdu velmi nutn\u00e9, abychom pom\u00e1hali sami sob\u011b navz\u00e1jem.Pomoc je tak tedy n\u011b\u010d\u00edm, co je zejm\u00e9na v r\u00e1mci modernity kl\u00ed\u010dov\u00e9, a to zejm\u00e9na z toho d\u016fvodu, \u017ee pr\u00e1v\u011b ochota zlep\u0161it \u017eivot n\u011bkomu jin\u00e9mu je n\u011b\u010d\u00edm, co na n\u00e1s jist\u011b druz\u00ed ocen\u00ed. Samoz\u0159ejm\u011b, \u017ee ve chv\u00edli, kdy se rozhodneme n\u011bkomu zlep\u0161it kvalitu jeho \u017eivota, mysl\u00edme hlavn\u011b na n\u011bj, av\u0161ak z\u00e1rove\u0148 je tak\u00e9 mo\u017en\u00e9, \u017ee pr\u00e1v\u011b toto rozhodnut\u00ed napom\u016f\u017ee i n\u00e1m samotn\u00fdm ke zlep\u0161en\u00ed vlastn\u00edch \u017eivot\u016f. V\u017edy tak tedy d\u011blejte v\u011bci, kter\u00fd vy sami v\u011b\u0159\u00edte, jeliko\u017e jen tak je mo\u017en\u00e9, aby se stal alespo\u0148 mal\u00fd z\u00e1zrak, kter\u00fd v\u00e1s navede t\u00edm spr\u00e1vn\u00fdm sm\u011brem, co\u017e ve fin\u00e1le vede k tomu, \u017ee budete vy sami na cest\u011b k lep\u0161\u00edm z\u00edt\u0159k\u016fm.                                                                                                                                                                                                                                                                                                                                                                                          4.6\/5 - (10 votes)        "},{"@context":"https:\/\/schema.org\/","@type":"BreadcrumbList","itemListElement":[{"@type":"ListItem","position":1,"name":"Zv\u00ed\u0159e je v prvn\u00ed \u0159ad\u011b p\u0159\u00edtelem","item":"https:\/\/www.elementa.cz\/zvire-je-v-prvni-rade-pritelem\/#breadcrumbitem"}]}]